{"id":1581,"date":"2017-11-18T09:00:59","date_gmt":"2017-11-18T08:00:59","guid":{"rendered":"http:\/\/rostock-entdecken.de\/?p=1581"},"modified":"2017-11-22T13:09:25","modified_gmt":"2017-11-22T12:09:25","slug":"der-butterkrieg-zu-rostock","status":"publish","type":"post","link":"https:\/\/rostock-entdecken.de\/index.php\/2017\/11\/18\/der-butterkrieg-zu-rostock\/","title":{"rendered":"Der Butterkrieg zu Rostock"},"content":{"rendered":"<div class=\"fusion-fullwidth fullwidth-box fusion-builder-row-1 nonhundred-percent-fullwidth non-hundred-percent-height-scrolling\" style=\"--awb-border-radius-top-left:0px;--awb-border-radius-top-right:0px;--awb-border-radius-bottom-right:0px;--awb-border-radius-bottom-left:0px;--awb-flex-wrap:wrap;\" ><div class=\"fusion-builder-row fusion-row\"><div class=\"fusion-layout-column fusion_builder_column fusion-builder-column-0 fusion_builder_column_2_3 2_3 fusion-two-third fusion-column-first\" style=\"--awb-bg-size:cover;width:66.6666666667%;width:calc(66.6666666667% - ( ( 4% ) * 0.666666666667 ) );margin-right: 4%;\"><div class=\"fusion-column-wrapper fusion-flex-column-wrapper-legacy\"><div class=\"fusion-text fusion-text-1\"><p>Am Anfang des 19. Jahrhunderts fand eine Auseinandersetzung statt, die heute wieder durchaus verst\u00e4ndlich ist. Es ging um die Preise f\u00fcr viele Grundnahrungsmittel, die enorm angestiegen waren. Besonders an den Butterpreisen entz\u00fcndete sich der Zorn der B\u00fcrger. Grund f\u00fcr die steigenden Preise war die Ausweitung des Handels mit Nahrungsmitteln un dder damit verbundene Wucher. Sowohl die Bauern als auch die \u00e4rmere Bev\u00f6lkerung ging gegen den Wucher den H\u00e4ndler auf die Strassen. Es kam zu zahlreichen Scharm\u00fctzeln und Unruhe.<br \/>\nNele Brandt beleuchtet in ihrem Magazinbeitrag den Rostocker Butterkrieg,<\/p>\n<\/div><div class=\"fusion-video fusion-youtube\" style=\"--awb-max-width:600px;--awb-max-height:350px;\"><div class=\"video-shortcode\"><div class=\"fluid-width-video-wrapper\" style=\"padding-top:58.33%;\" ><iframe title=\"YouTube video player 1\" src=\"https:\/\/www.youtube.com\/embed\/YlADRjmeFG4?wmode=transparent&autoplay=0\" width=\"600\" height=\"350\" allowfullscreen allow=\"autoplay; clipboard-write; encrypted-media; gyroscope; picture-in-picture;\"><\/iframe><\/div><\/div><\/div><div class=\"fusion-clearfix\"><\/div><\/div><\/div><div class=\"fusion-layout-column fusion_builder_column fusion-builder-column-1 fusion_builder_column_1_3 1_3 fusion-one-third fusion-column-last\" style=\"--awb-bg-size:cover;width:33.3333333333%;width:calc(33.3333333333% - ( ( 4% ) * 0.333333333333 ) );\"><div class=\"fusion-column-wrapper fusion-flex-column-wrapper-legacy\"><div class=\"fusion-clearfix\"><\/div><\/div><\/div><\/div><\/div>\n","protected":false},"excerpt":{"rendered":"","protected":false},"author":2,"featured_media":1583,"comment_status":"open","ping_status":"open","sticky":false,"template":"","format":"standard","meta":{"footnotes":""},"categories":[6,11],"tags":[91,63,92,15],"class_list":["post-1581","post","type-post","status-publish","format-standard","has-post-thumbnail","hentry","category-geschichte","category-timeline","tag-butter","tag-geschichte","tag-krieg","tag-rostock"],"yoast_head":"<!-- This site is optimized with the Yoast SEO plugin v27.5 - https:\/\/yoast.com\/product\/yoast-seo-wordpress\/ -->\n<title>Der Butterkrieg zu Rostock - Rostock entdecken<\/title>\n<meta name=\"robots\" content=\"index, follow, max-snippet:-1, max-image-preview:large, max-video-preview:-1\" \/>\n<link rel=\"canonical\" href=\"https:\/\/rostock-entdecken.de\/index.php\/2017\/11\/18\/der-butterkrieg-zu-rostock\/\" \/>\n<meta property=\"og:locale\" content=\"de_DE\" \/>\n<meta property=\"og:type\" content=\"article\" \/>\n<meta property=\"og:title\" content=\"Der Butterkrieg zu Rostock - Rostock entdecken\" \/>\n<meta property=\"og:url\" content=\"https:\/\/rostock-entdecken.de\/index.php\/2017\/11\/18\/der-butterkrieg-zu-rostock\/\" \/>\n<meta property=\"og:site_name\" content=\"Rostock entdecken\" \/>\n<meta property=\"article:published_time\" content=\"2017-11-18T08:00:59+00:00\" \/>\n<meta property=\"article:modified_time\" content=\"2017-11-22T12:09:25+00:00\" \/>\n<meta property=\"og:image\" content=\"https:\/\/rostock-entdecken.de\/wp-content\/uploads\/2017\/11\/Magaziner_Rostocker_Butterkrieg_Neele_Brandt.jpeg\" \/>\n\t<meta property=\"og:image:width\" content=\"1920\" \/>\n\t<meta property=\"og:image:height\" content=\"1080\" \/>\n\t<meta property=\"og:image:type\" content=\"image\/jpeg\" \/>\n<meta name=\"author\" content=\"Sven Ehrecke\" \/>\n<meta name=\"twitter:card\" content=\"summary_large_image\" \/>\n<meta name=\"twitter:label1\" content=\"Verfasst von\" \/>\n\t<meta name=\"twitter:data1\" content=\"Sven Ehrecke\" \/>\n\t<meta name=\"twitter:label2\" content=\"Gesch\u00e4tzte Lesezeit\" \/>\n\t<meta name=\"twitter:data2\" content=\"2\u00a0Minuten\" \/>\n<script type=\"application\/ld+json\" class=\"yoast-schema-graph\">{\"@context\":\"https:\\\/\\\/schema.org\",\"@graph\":[{\"@type\":\"Article\",\"@id\":\"https:\\\/\\\/rostock-entdecken.de\\\/index.php\\\/2017\\\/11\\\/18\\\/der-butterkrieg-zu-rostock\\\/#article\",\"isPartOf\":{\"@id\":\"https:\\\/\\\/rostock-entdecken.de\\\/index.php\\\/2017\\\/11\\\/18\\\/der-butterkrieg-zu-rostock\\\/\"},\"author\":{\"name\":\"Sven Ehrecke\",\"@id\":\"https:\\\/\\\/rostock-entdecken.de\\\/#\\\/schema\\\/person\\\/157ac082c42baa7b2bf8e06f1981e83b\"},\"headline\":\"Der Butterkrieg zu Rostock\",\"datePublished\":\"2017-11-18T08:00:59+00:00\",\"dateModified\":\"2017-11-22T12:09:25+00:00\",\"mainEntityOfPage\":{\"@id\":\"https:\\\/\\\/rostock-entdecken.de\\\/index.php\\\/2017\\\/11\\\/18\\\/der-butterkrieg-zu-rostock\\\/\"},\"wordCount\":335,\"commentCount\":0,\"image\":{\"@id\":\"https:\\\/\\\/rostock-entdecken.de\\\/index.php\\\/2017\\\/11\\\/18\\\/der-butterkrieg-zu-rostock\\\/#primaryimage\"},\"thumbnailUrl\":\"https:\\\/\\\/rostock-entdecken.de\\\/wp-content\\\/uploads\\\/2017\\\/11\\\/Magaziner_Rostocker_Butterkrieg_Neele_Brandt.jpeg\",\"keywords\":[\"butter\",\"Geschichte\",\"krieg\",\"rostock\"],\"articleSection\":[\"Geschichte\",\"Timeline\"],\"inLanguage\":\"de\",\"potentialAction\":[{\"@type\":\"CommentAction\",\"name\":\"Comment\",\"target\":[\"https:\\\/\\\/rostock-entdecken.de\\\/index.php\\\/2017\\\/11\\\/18\\\/der-butterkrieg-zu-rostock\\\/#respond\"]}]},{\"@type\":\"WebPage\",\"@id\":\"https:\\\/\\\/rostock-entdecken.de\\\/index.php\\\/2017\\\/11\\\/18\\\/der-butterkrieg-zu-rostock\\\/\",\"url\":\"https:\\\/\\\/rostock-entdecken.de\\\/index.php\\\/2017\\\/11\\\/18\\\/der-butterkrieg-zu-rostock\\\/\",\"name\":\"Der Butterkrieg zu Rostock - Rostock entdecken\",\"isPartOf\":{\"@id\":\"https:\\\/\\\/rostock-entdecken.de\\\/#website\"},\"primaryImageOfPage\":{\"@id\":\"https:\\\/\\\/rostock-entdecken.de\\\/index.php\\\/2017\\\/11\\\/18\\\/der-butterkrieg-zu-rostock\\\/#primaryimage\"},\"image\":{\"@id\":\"https:\\\/\\\/rostock-entdecken.de\\\/index.php\\\/2017\\\/11\\\/18\\\/der-butterkrieg-zu-rostock\\\/#primaryimage\"},\"thumbnailUrl\":\"https:\\\/\\\/rostock-entdecken.de\\\/wp-content\\\/uploads\\\/2017\\\/11\\\/Magaziner_Rostocker_Butterkrieg_Neele_Brandt.jpeg\",\"datePublished\":\"2017-11-18T08:00:59+00:00\",\"dateModified\":\"2017-11-22T12:09:25+00:00\",\"author\":{\"@id\":\"https:\\\/\\\/rostock-entdecken.de\\\/#\\\/schema\\\/person\\\/157ac082c42baa7b2bf8e06f1981e83b\"},\"breadcrumb\":{\"@id\":\"https:\\\/\\\/rostock-entdecken.de\\\/index.php\\\/2017\\\/11\\\/18\\\/der-butterkrieg-zu-rostock\\\/#breadcrumb\"},\"inLanguage\":\"de\",\"potentialAction\":[{\"@type\":\"ReadAction\",\"target\":[\"https:\\\/\\\/rostock-entdecken.de\\\/index.php\\\/2017\\\/11\\\/18\\\/der-butterkrieg-zu-rostock\\\/\"]}]},{\"@type\":\"ImageObject\",\"inLanguage\":\"de\",\"@id\":\"https:\\\/\\\/rostock-entdecken.de\\\/index.php\\\/2017\\\/11\\\/18\\\/der-butterkrieg-zu-rostock\\\/#primaryimage\",\"url\":\"https:\\\/\\\/rostock-entdecken.de\\\/wp-content\\\/uploads\\\/2017\\\/11\\\/Magaziner_Rostocker_Butterkrieg_Neele_Brandt.jpeg\",\"contentUrl\":\"https:\\\/\\\/rostock-entdecken.de\\\/wp-content\\\/uploads\\\/2017\\\/11\\\/Magaziner_Rostocker_Butterkrieg_Neele_Brandt.jpeg\",\"width\":1920,\"height\":1080},{\"@type\":\"BreadcrumbList\",\"@id\":\"https:\\\/\\\/rostock-entdecken.de\\\/index.php\\\/2017\\\/11\\\/18\\\/der-butterkrieg-zu-rostock\\\/#breadcrumb\",\"itemListElement\":[{\"@type\":\"ListItem\",\"position\":1,\"name\":\"Startseite\",\"item\":\"https:\\\/\\\/rostock-entdecken.de\\\/\"},{\"@type\":\"ListItem\",\"position\":2,\"name\":\"Der Butterkrieg zu Rostock\"}]},{\"@type\":\"WebSite\",\"@id\":\"https:\\\/\\\/rostock-entdecken.de\\\/#website\",\"url\":\"https:\\\/\\\/rostock-entdecken.de\\\/\",\"name\":\"Rostock entdecken\",\"description\":\"Ein Ausbildungsprojekt des medien colleg rostock\",\"potentialAction\":[{\"@type\":\"SearchAction\",\"target\":{\"@type\":\"EntryPoint\",\"urlTemplate\":\"https:\\\/\\\/rostock-entdecken.de\\\/?s={search_term_string}\"},\"query-input\":{\"@type\":\"PropertyValueSpecification\",\"valueRequired\":true,\"valueName\":\"search_term_string\"}}],\"inLanguage\":\"de\"},{\"@type\":\"Person\",\"@id\":\"https:\\\/\\\/rostock-entdecken.de\\\/#\\\/schema\\\/person\\\/157ac082c42baa7b2bf8e06f1981e83b\",\"name\":\"Sven Ehrecke\",\"image\":{\"@type\":\"ImageObject\",\"inLanguage\":\"de\",\"@id\":\"https:\\\/\\\/secure.gravatar.com\\\/avatar\\\/f4c29d6328d6d5cb471228c27239ba13352e74beb71ce01a118e903b18e27c58?s=96&d=mm&r=g\",\"url\":\"https:\\\/\\\/secure.gravatar.com\\\/avatar\\\/f4c29d6328d6d5cb471228c27239ba13352e74beb71ce01a118e903b18e27c58?s=96&d=mm&r=g\",\"contentUrl\":\"https:\\\/\\\/secure.gravatar.com\\\/avatar\\\/f4c29d6328d6d5cb471228c27239ba13352e74beb71ce01a118e903b18e27c58?s=96&d=mm&r=g\",\"caption\":\"Sven Ehrecke\"},\"url\":\"https:\\\/\\\/rostock-entdecken.de\\\/index.php\\\/author\\\/sten\\\/\"}]}<\/script>\n<!-- \/ Yoast SEO plugin. -->","yoast_head_json":{"title":"Der Butterkrieg zu Rostock - Rostock entdecken","robots":{"index":"index","follow":"follow","max-snippet":"max-snippet:-1","max-image-preview":"max-image-preview:large","max-video-preview":"max-video-preview:-1"},"canonical":"https:\/\/rostock-entdecken.de\/index.php\/2017\/11\/18\/der-butterkrieg-zu-rostock\/","og_locale":"de_DE","og_type":"article","og_title":"Der Butterkrieg zu Rostock - Rostock entdecken","og_url":"https:\/\/rostock-entdecken.de\/index.php\/2017\/11\/18\/der-butterkrieg-zu-rostock\/","og_site_name":"Rostock entdecken","article_published_time":"2017-11-18T08:00:59+00:00","article_modified_time":"2017-11-22T12:09:25+00:00","og_image":[{"width":1920,"height":1080,"url":"https:\/\/rostock-entdecken.de\/wp-content\/uploads\/2017\/11\/Magaziner_Rostocker_Butterkrieg_Neele_Brandt.jpeg","type":"image\/jpeg"}],"author":"Sven Ehrecke","twitter_card":"summary_large_image","twitter_misc":{"Verfasst von":"Sven Ehrecke","Gesch\u00e4tzte Lesezeit":"2\u00a0Minuten"},"schema":{"@context":"https:\/\/schema.org","@graph":[{"@type":"Article","@id":"https:\/\/rostock-entdecken.de\/index.php\/2017\/11\/18\/der-butterkrieg-zu-rostock\/#article","isPartOf":{"@id":"https:\/\/rostock-entdecken.de\/index.php\/2017\/11\/18\/der-butterkrieg-zu-rostock\/"},"author":{"name":"Sven Ehrecke","@id":"https:\/\/rostock-entdecken.de\/#\/schema\/person\/157ac082c42baa7b2bf8e06f1981e83b"},"headline":"Der Butterkrieg zu Rostock","datePublished":"2017-11-18T08:00:59+00:00","dateModified":"2017-11-22T12:09:25+00:00","mainEntityOfPage":{"@id":"https:\/\/rostock-entdecken.de\/index.php\/2017\/11\/18\/der-butterkrieg-zu-rostock\/"},"wordCount":335,"commentCount":0,"image":{"@id":"https:\/\/rostock-entdecken.de\/index.php\/2017\/11\/18\/der-butterkrieg-zu-rostock\/#primaryimage"},"thumbnailUrl":"https:\/\/rostock-entdecken.de\/wp-content\/uploads\/2017\/11\/Magaziner_Rostocker_Butterkrieg_Neele_Brandt.jpeg","keywords":["butter","Geschichte","krieg","rostock"],"articleSection":["Geschichte","Timeline"],"inLanguage":"de","potentialAction":[{"@type":"CommentAction","name":"Comment","target":["https:\/\/rostock-entdecken.de\/index.php\/2017\/11\/18\/der-butterkrieg-zu-rostock\/#respond"]}]},{"@type":"WebPage","@id":"https:\/\/rostock-entdecken.de\/index.php\/2017\/11\/18\/der-butterkrieg-zu-rostock\/","url":"https:\/\/rostock-entdecken.de\/index.php\/2017\/11\/18\/der-butterkrieg-zu-rostock\/","name":"Der Butterkrieg zu Rostock - Rostock entdecken","isPartOf":{"@id":"https:\/\/rostock-entdecken.de\/#website"},"primaryImageOfPage":{"@id":"https:\/\/rostock-entdecken.de\/index.php\/2017\/11\/18\/der-butterkrieg-zu-rostock\/#primaryimage"},"image":{"@id":"https:\/\/rostock-entdecken.de\/index.php\/2017\/11\/18\/der-butterkrieg-zu-rostock\/#primaryimage"},"thumbnailUrl":"https:\/\/rostock-entdecken.de\/wp-content\/uploads\/2017\/11\/Magaziner_Rostocker_Butterkrieg_Neele_Brandt.jpeg","datePublished":"2017-11-18T08:00:59+00:00","dateModified":"2017-11-22T12:09:25+00:00","author":{"@id":"https:\/\/rostock-entdecken.de\/#\/schema\/person\/157ac082c42baa7b2bf8e06f1981e83b"},"breadcrumb":{"@id":"https:\/\/rostock-entdecken.de\/index.php\/2017\/11\/18\/der-butterkrieg-zu-rostock\/#breadcrumb"},"inLanguage":"de","potentialAction":[{"@type":"ReadAction","target":["https:\/\/rostock-entdecken.de\/index.php\/2017\/11\/18\/der-butterkrieg-zu-rostock\/"]}]},{"@type":"ImageObject","inLanguage":"de","@id":"https:\/\/rostock-entdecken.de\/index.php\/2017\/11\/18\/der-butterkrieg-zu-rostock\/#primaryimage","url":"https:\/\/rostock-entdecken.de\/wp-content\/uploads\/2017\/11\/Magaziner_Rostocker_Butterkrieg_Neele_Brandt.jpeg","contentUrl":"https:\/\/rostock-entdecken.de\/wp-content\/uploads\/2017\/11\/Magaziner_Rostocker_Butterkrieg_Neele_Brandt.jpeg","width":1920,"height":1080},{"@type":"BreadcrumbList","@id":"https:\/\/rostock-entdecken.de\/index.php\/2017\/11\/18\/der-butterkrieg-zu-rostock\/#breadcrumb","itemListElement":[{"@type":"ListItem","position":1,"name":"Startseite","item":"https:\/\/rostock-entdecken.de\/"},{"@type":"ListItem","position":2,"name":"Der Butterkrieg zu Rostock"}]},{"@type":"WebSite","@id":"https:\/\/rostock-entdecken.de\/#website","url":"https:\/\/rostock-entdecken.de\/","name":"Rostock entdecken","description":"Ein Ausbildungsprojekt des medien colleg rostock","potentialAction":[{"@type":"SearchAction","target":{"@type":"EntryPoint","urlTemplate":"https:\/\/rostock-entdecken.de\/?s={search_term_string}"},"query-input":{"@type":"PropertyValueSpecification","valueRequired":true,"valueName":"search_term_string"}}],"inLanguage":"de"},{"@type":"Person","@id":"https:\/\/rostock-entdecken.de\/#\/schema\/person\/157ac082c42baa7b2bf8e06f1981e83b","name":"Sven Ehrecke","image":{"@type":"ImageObject","inLanguage":"de","@id":"https:\/\/secure.gravatar.com\/avatar\/f4c29d6328d6d5cb471228c27239ba13352e74beb71ce01a118e903b18e27c58?s=96&d=mm&r=g","url":"https:\/\/secure.gravatar.com\/avatar\/f4c29d6328d6d5cb471228c27239ba13352e74beb71ce01a118e903b18e27c58?s=96&d=mm&r=g","contentUrl":"https:\/\/secure.gravatar.com\/avatar\/f4c29d6328d6d5cb471228c27239ba13352e74beb71ce01a118e903b18e27c58?s=96&d=mm&r=g","caption":"Sven Ehrecke"},"url":"https:\/\/rostock-entdecken.de\/index.php\/author\/sten\/"}]}},"_links":{"self":[{"href":"https:\/\/rostock-entdecken.de\/index.php\/wp-json\/wp\/v2\/posts\/1581","targetHints":{"allow":["GET"]}}],"collection":[{"href":"https:\/\/rostock-entdecken.de\/index.php\/wp-json\/wp\/v2\/posts"}],"about":[{"href":"https:\/\/rostock-entdecken.de\/index.php\/wp-json\/wp\/v2\/types\/post"}],"author":[{"embeddable":true,"href":"https:\/\/rostock-entdecken.de\/index.php\/wp-json\/wp\/v2\/users\/2"}],"replies":[{"embeddable":true,"href":"https:\/\/rostock-entdecken.de\/index.php\/wp-json\/wp\/v2\/comments?post=1581"}],"version-history":[{"count":3,"href":"https:\/\/rostock-entdecken.de\/index.php\/wp-json\/wp\/v2\/posts\/1581\/revisions"}],"predecessor-version":[{"id":1601,"href":"https:\/\/rostock-entdecken.de\/index.php\/wp-json\/wp\/v2\/posts\/1581\/revisions\/1601"}],"wp:featuredmedia":[{"embeddable":true,"href":"https:\/\/rostock-entdecken.de\/index.php\/wp-json\/wp\/v2\/media\/1583"}],"wp:attachment":[{"href":"https:\/\/rostock-entdecken.de\/index.php\/wp-json\/wp\/v2\/media?parent=1581"}],"wp:term":[{"taxonomy":"category","embeddable":true,"href":"https:\/\/rostock-entdecken.de\/index.php\/wp-json\/wp\/v2\/categories?post=1581"},{"taxonomy":"post_tag","embeddable":true,"href":"https:\/\/rostock-entdecken.de\/index.php\/wp-json\/wp\/v2\/tags?post=1581"}],"curies":[{"name":"wp","href":"https:\/\/api.w.org\/{rel}","templated":true}]}}